{"id":60912,"date":"2023-06-09T00:00:53","date_gmt":"2023-06-09T04:00:53","guid":{"rendered":"https:\/\/www.patrimoine-religieux.qc.ca\/?p=60912"},"modified":"2025-02-04T16:16:05","modified_gmt":"2025-02-04T21:16:05","slug":"reinvented-churches-2023-series","status":"publish","type":"post","link":"https:\/\/www.patrimoine-religieux.qc.ca\/en\/reinvented-churches-2023-series\/","title":{"rendered":"Reinvented Churches 2023&#8242; Series"},"content":{"rendered":"<section id=\"block_7cd3384c645f7cf637161295366560c1\" class=\"page-block page-block-gallery progressive-fade-in page-block-margin-standard page-block-bg-none\">\n\n\t\n\t<div class=\"page-block-inner content-width progressive-fade-in-element progressive-fade-in-element-1\">\n\n\t\n\t\t\n\t\t\n\t\t<div class=\"gallery\">\n\t\t\t<div class=\"gallery-inner\"><ul class=\"the-gallery lightbox-gallery\" data-gallery-el-class=\"gallery-block_7cd3384c645f7cf637161295366560c1-lightbox-gallery-el\">\n<li class=\"gallery-el\">\n<a href=\"https:\/\/www.patrimoine-religieux.qc.ca\/wp-content\/uploads\/2025\/01\/fiche-cherry-river.png\" title=\"Fiche Cherry River\" data-title=\"Fiche Cherry River\" class=\"lightbox-gallery-el wrap-fit-image gallery-block_7cd3384c645f7cf637161295366560c1-lightbox-gallery-el\">\n<img data-src-small=\"https:\/\/www.patrimoine-religieux.qc.ca\/wp-content\/uploads\/2025\/01\/fiche-cherry-river-350x350.png\" width=\"350\" height=\"350\" data-src-medium=\"https:\/\/www.patrimoine-religieux.qc.ca\/wp-content\/uploads\/2025\/01\/fiche-cherry-river-500x500.png\" data-width-medium=\"500\" data-height-medium=\"500\" data-src-large=\"https:\/\/www.patrimoine-religieux.qc.ca\/wp-content\/uploads\/2025\/01\/fiche-cherry-river-1000x1000.png\" data-width-large=\"1000\" data-height-large=\"1000\" data-src-xlarge=\"https:\/\/www.patrimoine-religieux.qc.ca\/wp-content\/uploads\/2025\/01\/fiche-cherry-river-1000x1000.png\" data-width-xlarge=\"1000\" data-height-xlarge=\"1000\" class=\"the-block-image img-check fit-image lazy portrait\" alt=\"Fiche Cherry River\"><\/a>\n<div class=\"image-caption\">\n<a href=\"https:\/\/www.patrimoine-religieux.qc.ca\/wp-content\/uploads\/2025\/01\/fiche-cherry-river.pdf\">La Distillerie Cherry River \u2013 Magog<\/a><\/div>\n<\/li>\n<li class=\"gallery-el\">\n<a href=\"https:\/\/www.patrimoine-religieux.qc.ca\/wp-content\/uploads\/2025\/01\/fiche-beam.png\" title=\"Fiche BEAM\" data-title=\"Fiche BEAM\" class=\"lightbox-gallery-el wrap-fit-image gallery-block_7cd3384c645f7cf637161295366560c1-lightbox-gallery-el\">\n<img data-src-small=\"https:\/\/www.patrimoine-religieux.qc.ca\/wp-content\/uploads\/2025\/01\/fiche-beam-350x350.png\" width=\"350\" height=\"350\" data-src-medium=\"https:\/\/www.patrimoine-religieux.qc.ca\/wp-content\/uploads\/2025\/01\/fiche-beam-500x500.png\" data-width-medium=\"500\" data-height-medium=\"500\" data-src-large=\"https:\/\/www.patrimoine-religieux.qc.ca\/wp-content\/uploads\/2025\/01\/fiche-beam-1000x1000.png\" data-width-large=\"1000\" data-height-large=\"1000\" data-src-xlarge=\"https:\/\/www.patrimoine-religieux.qc.ca\/wp-content\/uploads\/2025\/01\/fiche-beam-1000x1000.png\" data-width-xlarge=\"1000\" data-height-xlarge=\"1000\" class=\"the-block-image img-check fit-image lazy portrait\" alt=\"Fiche BEAM\"><\/a>\n<div class=\"image-caption\">\n<a href=\"https:\/\/www.patrimoine-religieux.qc.ca\/wp-content\/uploads\/2025\/01\/fiche-beam.pdf\">Le Bureau Estrien de l\u2019Audiovisuel et du Multime\u0301dia \u2013 Saint-Adrien<\/a>\u200b<\/div>\n<\/li>\n<li class=\"gallery-el\">\n<a href=\"https:\/\/www.patrimoine-religieux.qc.ca\/wp-content\/uploads\/2025\/01\/fiche-saint-vallier.png\" title=\"Fiche Saint-Vallier\" data-title=\"Fiche Saint-Vallier\" class=\"lightbox-gallery-el wrap-fit-image gallery-block_7cd3384c645f7cf637161295366560c1-lightbox-gallery-el\">\n<img data-src-small=\"https:\/\/www.patrimoine-religieux.qc.ca\/wp-content\/uploads\/2025\/01\/fiche-saint-vallier-350x350.png\" width=\"350\" height=\"350\" data-src-medium=\"https:\/\/www.patrimoine-religieux.qc.ca\/wp-content\/uploads\/2025\/01\/fiche-saint-vallier-500x500.png\" data-width-medium=\"500\" data-height-medium=\"500\" data-src-large=\"https:\/\/www.patrimoine-religieux.qc.ca\/wp-content\/uploads\/2025\/01\/fiche-saint-vallier-1000x1000.png\" data-width-large=\"1000\" data-height-large=\"1000\" data-src-xlarge=\"https:\/\/www.patrimoine-religieux.qc.ca\/wp-content\/uploads\/2025\/01\/fiche-saint-vallier-1000x1000.png\" data-width-xlarge=\"1000\" data-height-xlarge=\"1000\" class=\"the-block-image img-check fit-image lazy portrait\" alt=\"Fiche Saint-Vallier\"><\/a>\n<div class=\"image-caption\">\n<a href=\"https:\/\/www.patrimoine-religieux.qc.ca\/wp-content\/uploads\/2025\/01\/fiche-saint-vallier.pdf\">Le centre multifonctionnel de Saint-Vallier \u2013 Saint-Vallier<\/a><\/div>\n<\/li>\n<li class=\"gallery-el\">\n<a href=\"https:\/\/www.patrimoine-religieux.qc.ca\/wp-content\/uploads\/2025\/01\/fiche-le-vitrail.png\" title=\"Fiche Le Vitrail\" data-title=\"Fiche Le Vitrail\" class=\"lightbox-gallery-el wrap-fit-image gallery-block_7cd3384c645f7cf637161295366560c1-lightbox-gallery-el\">\n<img data-src-small=\"https:\/\/www.patrimoine-religieux.qc.ca\/wp-content\/uploads\/2025\/01\/fiche-le-vitrail-350x350.png\" width=\"350\" height=\"350\" data-src-medium=\"https:\/\/www.patrimoine-religieux.qc.ca\/wp-content\/uploads\/2025\/01\/fiche-le-vitrail-500x500.png\" data-width-medium=\"500\" data-height-medium=\"500\" data-src-large=\"https:\/\/www.patrimoine-religieux.qc.ca\/wp-content\/uploads\/2025\/01\/fiche-le-vitrail-1000x1000.png\" data-width-large=\"1000\" data-height-large=\"1000\" data-src-xlarge=\"https:\/\/www.patrimoine-religieux.qc.ca\/wp-content\/uploads\/2025\/01\/fiche-le-vitrail-1000x1000.png\" data-width-xlarge=\"1000\" data-height-xlarge=\"1000\" class=\"the-block-image img-check fit-image lazy portrait\" alt=\"Fiche Le Vitrail\"><\/a>\n<div class=\"image-caption\">\n<a href=\"https:\/\/www.patrimoine-religieux.qc.ca\/wp-content\/uploads\/2025\/01\/fiche-le-vitrail.pdf\">Le Vitrail \u2013 Espace Culturel \u2013 Thetford Mines<\/a><\/div>\n<\/li>\n<\/ul>\n<\/div>\n\t\t<\/div>\n\n\t\n\t<\/div>\n<\/section>","protected":false},"excerpt":{"rendered":"","protected":false},"author":6,"featured_media":62916,"comment_status":"closed","ping_status":"closed","sticky":false,"template":"","format":"standard","meta":{"_acf_changed":false,"footnotes":""},"categories":[1188],"tags":[],"class_list":["post-60912","post","type-post","status-publish","format-standard","has-post-thumbnail","hentry","category-realizations"],"acf":[],"yoast_head":"<!-- This site is optimized with the Yoast SEO plugin v27.3 - https:\/\/yoast.com\/product\/yoast-seo-wordpress\/ -->\n<title>Reinvented Churches 2023&#039; Series - Conseil du patrimoine religieux du Qu\u00e9bec<\/title>\n<meta name=\"robots\" content=\"index, follow, max-snippet:-1, max-image-preview:large, max-video-preview:-1\" \/>\n<link rel=\"canonical\" href=\"https:\/\/www.patrimoine-religieux.qc.ca\/en\/reinvented-churches-2023-series\/\" \/>\n<meta property=\"og:locale\" content=\"en_US\" \/>\n<meta property=\"og:type\" content=\"article\" \/>\n<meta property=\"og:title\" content=\"Reinvented Churches 2023&#039; Series - Conseil du patrimoine religieux du Qu\u00e9bec\" \/>\n<meta property=\"og:url\" content=\"https:\/\/www.patrimoine-religieux.qc.ca\/en\/reinvented-churches-2023-series\/\" \/>\n<meta property=\"og:site_name\" content=\"Conseil du patrimoine religieux du Qu\u00e9bec\" \/>\n<meta property=\"article:published_time\" content=\"2023-06-09T04:00:53+00:00\" \/>\n<meta property=\"article:modified_time\" content=\"2025-02-04T21:16:05+00:00\" \/>\n<meta property=\"og:image\" content=\"https:\/\/www.patrimoine-religieux.qc.ca\/wp-content\/uploads\/2023\/06\/beam.png\" \/>\n\t<meta property=\"og:image:width\" content=\"641\" \/>\n\t<meta property=\"og:image:height\" content=\"853\" \/>\n\t<meta property=\"og:image:type\" content=\"image\/png\" \/>\n<meta name=\"author\" content=\"Camille\" \/>\n<meta name=\"twitter:card\" content=\"summary_large_image\" \/>\n<meta name=\"twitter:label1\" content=\"Written by\" \/>\n\t<meta name=\"twitter:data1\" content=\"Camille\" \/>\n<script type=\"application\/ld+json\" class=\"yoast-schema-graph\">{\"@context\":\"https:\\\/\\\/schema.org\",\"@graph\":[{\"@type\":\"Article\",\"@id\":\"https:\\\/\\\/www.patrimoine-religieux.qc.ca\\\/en\\\/reinvented-churches-2023-series\\\/#article\",\"isPartOf\":{\"@id\":\"https:\\\/\\\/www.patrimoine-religieux.qc.ca\\\/en\\\/reinvented-churches-2023-series\\\/\"},\"author\":{\"name\":\"Camille\",\"@id\":\"https:\\\/\\\/www.patrimoine-religieux.qc.ca\\\/en\\\/#\\\/schema\\\/person\\\/9a5318c6fcbe1f6123cacaa3fa4b2781\"},\"headline\":\"Reinvented Churches 2023&#8242; Series\",\"datePublished\":\"2023-06-09T04:00:53+00:00\",\"dateModified\":\"2025-02-04T21:16:05+00:00\",\"mainEntityOfPage\":{\"@id\":\"https:\\\/\\\/www.patrimoine-religieux.qc.ca\\\/en\\\/reinvented-churches-2023-series\\\/\"},\"wordCount\":3,\"image\":{\"@id\":\"https:\\\/\\\/www.patrimoine-religieux.qc.ca\\\/en\\\/reinvented-churches-2023-series\\\/#primaryimage\"},\"thumbnailUrl\":\"https:\\\/\\\/www.patrimoine-religieux.qc.ca\\\/wp-content\\\/uploads\\\/2023\\\/06\\\/beam.png\",\"articleSection\":[\"Realizations\"],\"inLanguage\":\"en-US\"},{\"@type\":\"WebPage\",\"@id\":\"https:\\\/\\\/www.patrimoine-religieux.qc.ca\\\/en\\\/reinvented-churches-2023-series\\\/\",\"url\":\"https:\\\/\\\/www.patrimoine-religieux.qc.ca\\\/en\\\/reinvented-churches-2023-series\\\/\",\"name\":\"Reinvented Churches 2023' Series - Conseil du patrimoine religieux du Qu\u00e9bec\",\"isPartOf\":{\"@id\":\"https:\\\/\\\/www.patrimoine-religieux.qc.ca\\\/en\\\/#website\"},\"primaryImageOfPage\":{\"@id\":\"https:\\\/\\\/www.patrimoine-religieux.qc.ca\\\/en\\\/reinvented-churches-2023-series\\\/#primaryimage\"},\"image\":{\"@id\":\"https:\\\/\\\/www.patrimoine-religieux.qc.ca\\\/en\\\/reinvented-churches-2023-series\\\/#primaryimage\"},\"thumbnailUrl\":\"https:\\\/\\\/www.patrimoine-religieux.qc.ca\\\/wp-content\\\/uploads\\\/2023\\\/06\\\/beam.png\",\"datePublished\":\"2023-06-09T04:00:53+00:00\",\"dateModified\":\"2025-02-04T21:16:05+00:00\",\"author\":{\"@id\":\"https:\\\/\\\/www.patrimoine-religieux.qc.ca\\\/en\\\/#\\\/schema\\\/person\\\/9a5318c6fcbe1f6123cacaa3fa4b2781\"},\"breadcrumb\":{\"@id\":\"https:\\\/\\\/www.patrimoine-religieux.qc.ca\\\/en\\\/reinvented-churches-2023-series\\\/#breadcrumb\"},\"inLanguage\":\"en-US\",\"potentialAction\":[{\"@type\":\"ReadAction\",\"target\":[\"https:\\\/\\\/www.patrimoine-religieux.qc.ca\\\/en\\\/reinvented-churches-2023-series\\\/\"]}]},{\"@type\":\"ImageObject\",\"inLanguage\":\"en-US\",\"@id\":\"https:\\\/\\\/www.patrimoine-religieux.qc.ca\\\/en\\\/reinvented-churches-2023-series\\\/#primaryimage\",\"url\":\"https:\\\/\\\/www.patrimoine-religieux.qc.ca\\\/wp-content\\\/uploads\\\/2023\\\/06\\\/beam.png\",\"contentUrl\":\"https:\\\/\\\/www.patrimoine-religieux.qc.ca\\\/wp-content\\\/uploads\\\/2023\\\/06\\\/beam.png\",\"width\":641,\"height\":853},{\"@type\":\"BreadcrumbList\",\"@id\":\"https:\\\/\\\/www.patrimoine-religieux.qc.ca\\\/en\\\/reinvented-churches-2023-series\\\/#breadcrumb\",\"itemListElement\":[{\"@type\":\"ListItem\",\"position\":1,\"name\":\"Accueil\",\"item\":\"https:\\\/\\\/www.patrimoine-religieux.qc.ca\\\/en\\\/\"},{\"@type\":\"ListItem\",\"position\":2,\"name\":\"Reinvented Churches 2023&prime; Series\"}]},{\"@type\":\"WebSite\",\"@id\":\"https:\\\/\\\/www.patrimoine-religieux.qc.ca\\\/en\\\/#website\",\"url\":\"https:\\\/\\\/www.patrimoine-religieux.qc.ca\\\/en\\\/\",\"name\":\"Conseil du patrimoine religieux du Qu\u00e9bec\",\"description\":\"Soutenir et promouvoir la conservation du patrimoine religieux qu\u00e9b\u00e9cois\",\"potentialAction\":[{\"@type\":\"SearchAction\",\"target\":{\"@type\":\"EntryPoint\",\"urlTemplate\":\"https:\\\/\\\/www.patrimoine-religieux.qc.ca\\\/en\\\/?s={search_term_string}\"},\"query-input\":{\"@type\":\"PropertyValueSpecification\",\"valueRequired\":true,\"valueName\":\"search_term_string\"}}],\"inLanguage\":\"en-US\"},{\"@type\":\"Person\",\"@id\":\"https:\\\/\\\/www.patrimoine-religieux.qc.ca\\\/en\\\/#\\\/schema\\\/person\\\/9a5318c6fcbe1f6123cacaa3fa4b2781\",\"name\":\"Camille\",\"image\":{\"@type\":\"ImageObject\",\"inLanguage\":\"en-US\",\"@id\":\"https:\\\/\\\/www.patrimoine-religieux.qc.ca\\\/wp-content\\\/litespeed\\\/avatar\\\/1\\\/4a739b057a2a74878b23465077e5e941.jpg?ver=1776965183\",\"url\":\"https:\\\/\\\/www.patrimoine-religieux.qc.ca\\\/wp-content\\\/litespeed\\\/avatar\\\/1\\\/4a739b057a2a74878b23465077e5e941.jpg?ver=1776965183\",\"contentUrl\":\"https:\\\/\\\/www.patrimoine-religieux.qc.ca\\\/wp-content\\\/litespeed\\\/avatar\\\/1\\\/4a739b057a2a74878b23465077e5e941.jpg?ver=1776965183\",\"caption\":\"Camille\"},\"url\":\"https:\\\/\\\/www.patrimoine-religieux.qc.ca\\\/en\\\/author\\\/camille\\\/\"}]}<\/script>\n<!-- \/ Yoast SEO plugin. -->","yoast_head_json":{"title":"Reinvented Churches 2023' Series - Conseil du patrimoine religieux du Qu\u00e9bec","robots":{"index":"index","follow":"follow","max-snippet":"max-snippet:-1","max-image-preview":"max-image-preview:large","max-video-preview":"max-video-preview:-1"},"canonical":"https:\/\/www.patrimoine-religieux.qc.ca\/en\/reinvented-churches-2023-series\/","og_locale":"en_US","og_type":"article","og_title":"Reinvented Churches 2023' Series - Conseil du patrimoine religieux du Qu\u00e9bec","og_url":"https:\/\/www.patrimoine-religieux.qc.ca\/en\/reinvented-churches-2023-series\/","og_site_name":"Conseil du patrimoine religieux du Qu\u00e9bec","article_published_time":"2023-06-09T04:00:53+00:00","article_modified_time":"2025-02-04T21:16:05+00:00","og_image":[{"width":641,"height":853,"url":"https:\/\/www.patrimoine-religieux.qc.ca\/wp-content\/uploads\/2023\/06\/beam.png","type":"image\/png"}],"author":"Camille","twitter_card":"summary_large_image","twitter_misc":{"Written by":"Camille"},"schema":{"@context":"https:\/\/schema.org","@graph":[{"@type":"Article","@id":"https:\/\/www.patrimoine-religieux.qc.ca\/en\/reinvented-churches-2023-series\/#article","isPartOf":{"@id":"https:\/\/www.patrimoine-religieux.qc.ca\/en\/reinvented-churches-2023-series\/"},"author":{"name":"Camille","@id":"https:\/\/www.patrimoine-religieux.qc.ca\/en\/#\/schema\/person\/9a5318c6fcbe1f6123cacaa3fa4b2781"},"headline":"Reinvented Churches 2023&#8242; Series","datePublished":"2023-06-09T04:00:53+00:00","dateModified":"2025-02-04T21:16:05+00:00","mainEntityOfPage":{"@id":"https:\/\/www.patrimoine-religieux.qc.ca\/en\/reinvented-churches-2023-series\/"},"wordCount":3,"image":{"@id":"https:\/\/www.patrimoine-religieux.qc.ca\/en\/reinvented-churches-2023-series\/#primaryimage"},"thumbnailUrl":"https:\/\/www.patrimoine-religieux.qc.ca\/wp-content\/uploads\/2023\/06\/beam.png","articleSection":["Realizations"],"inLanguage":"en-US"},{"@type":"WebPage","@id":"https:\/\/www.patrimoine-religieux.qc.ca\/en\/reinvented-churches-2023-series\/","url":"https:\/\/www.patrimoine-religieux.qc.ca\/en\/reinvented-churches-2023-series\/","name":"Reinvented Churches 2023' Series - Conseil du patrimoine religieux du Qu\u00e9bec","isPartOf":{"@id":"https:\/\/www.patrimoine-religieux.qc.ca\/en\/#website"},"primaryImageOfPage":{"@id":"https:\/\/www.patrimoine-religieux.qc.ca\/en\/reinvented-churches-2023-series\/#primaryimage"},"image":{"@id":"https:\/\/www.patrimoine-religieux.qc.ca\/en\/reinvented-churches-2023-series\/#primaryimage"},"thumbnailUrl":"https:\/\/www.patrimoine-religieux.qc.ca\/wp-content\/uploads\/2023\/06\/beam.png","datePublished":"2023-06-09T04:00:53+00:00","dateModified":"2025-02-04T21:16:05+00:00","author":{"@id":"https:\/\/www.patrimoine-religieux.qc.ca\/en\/#\/schema\/person\/9a5318c6fcbe1f6123cacaa3fa4b2781"},"breadcrumb":{"@id":"https:\/\/www.patrimoine-religieux.qc.ca\/en\/reinvented-churches-2023-series\/#breadcrumb"},"inLanguage":"en-US","potentialAction":[{"@type":"ReadAction","target":["https:\/\/www.patrimoine-religieux.qc.ca\/en\/reinvented-churches-2023-series\/"]}]},{"@type":"ImageObject","inLanguage":"en-US","@id":"https:\/\/www.patrimoine-religieux.qc.ca\/en\/reinvented-churches-2023-series\/#primaryimage","url":"https:\/\/www.patrimoine-religieux.qc.ca\/wp-content\/uploads\/2023\/06\/beam.png","contentUrl":"https:\/\/www.patrimoine-religieux.qc.ca\/wp-content\/uploads\/2023\/06\/beam.png","width":641,"height":853},{"@type":"BreadcrumbList","@id":"https:\/\/www.patrimoine-religieux.qc.ca\/en\/reinvented-churches-2023-series\/#breadcrumb","itemListElement":[{"@type":"ListItem","position":1,"name":"Accueil","item":"https:\/\/www.patrimoine-religieux.qc.ca\/en\/"},{"@type":"ListItem","position":2,"name":"Reinvented Churches 2023&prime; Series"}]},{"@type":"WebSite","@id":"https:\/\/www.patrimoine-religieux.qc.ca\/en\/#website","url":"https:\/\/www.patrimoine-religieux.qc.ca\/en\/","name":"Conseil du patrimoine religieux du Qu\u00e9bec","description":"Soutenir et promouvoir la conservation du patrimoine religieux qu\u00e9b\u00e9cois","potentialAction":[{"@type":"SearchAction","target":{"@type":"EntryPoint","urlTemplate":"https:\/\/www.patrimoine-religieux.qc.ca\/en\/?s={search_term_string}"},"query-input":{"@type":"PropertyValueSpecification","valueRequired":true,"valueName":"search_term_string"}}],"inLanguage":"en-US"},{"@type":"Person","@id":"https:\/\/www.patrimoine-religieux.qc.ca\/en\/#\/schema\/person\/9a5318c6fcbe1f6123cacaa3fa4b2781","name":"Camille","image":{"@type":"ImageObject","inLanguage":"en-US","@id":"https:\/\/www.patrimoine-religieux.qc.ca\/wp-content\/litespeed\/avatar\/1\/4a739b057a2a74878b23465077e5e941.jpg?ver=1776965183","url":"https:\/\/www.patrimoine-religieux.qc.ca\/wp-content\/litespeed\/avatar\/1\/4a739b057a2a74878b23465077e5e941.jpg?ver=1776965183","contentUrl":"https:\/\/www.patrimoine-religieux.qc.ca\/wp-content\/litespeed\/avatar\/1\/4a739b057a2a74878b23465077e5e941.jpg?ver=1776965183","caption":"Camille"},"url":"https:\/\/www.patrimoine-religieux.qc.ca\/en\/author\/camille\/"}]}},"_links":{"self":[{"href":"https:\/\/www.patrimoine-religieux.qc.ca\/en\/wp-json\/wp\/v2\/posts\/60912","targetHints":{"allow":["GET"]}}],"collection":[{"href":"https:\/\/www.patrimoine-religieux.qc.ca\/en\/wp-json\/wp\/v2\/posts"}],"about":[{"href":"https:\/\/www.patrimoine-religieux.qc.ca\/en\/wp-json\/wp\/v2\/types\/post"}],"author":[{"embeddable":true,"href":"https:\/\/www.patrimoine-religieux.qc.ca\/en\/wp-json\/wp\/v2\/users\/6"}],"replies":[{"embeddable":true,"href":"https:\/\/www.patrimoine-religieux.qc.ca\/en\/wp-json\/wp\/v2\/comments?post=60912"}],"version-history":[{"count":3,"href":"https:\/\/www.patrimoine-religieux.qc.ca\/en\/wp-json\/wp\/v2\/posts\/60912\/revisions"}],"predecessor-version":[{"id":62519,"href":"https:\/\/www.patrimoine-religieux.qc.ca\/en\/wp-json\/wp\/v2\/posts\/60912\/revisions\/62519"}],"wp:featuredmedia":[{"embeddable":true,"href":"https:\/\/www.patrimoine-religieux.qc.ca\/en\/wp-json\/wp\/v2\/media\/62916"}],"wp:attachment":[{"href":"https:\/\/www.patrimoine-religieux.qc.ca\/en\/wp-json\/wp\/v2\/media?parent=60912"}],"wp:term":[{"taxonomy":"category","embeddable":true,"href":"https:\/\/www.patrimoine-religieux.qc.ca\/en\/wp-json\/wp\/v2\/categories?post=60912"},{"taxonomy":"post_tag","embeddable":true,"href":"https:\/\/www.patrimoine-religieux.qc.ca\/en\/wp-json\/wp\/v2\/tags?post=60912"}],"curies":[{"name":"wp","href":"https:\/\/api.w.org\/{rel}","templated":true}]}}