{"id":60429,"date":"2001-03-17T00:00:49","date_gmt":"2001-03-17T05:00:49","guid":{"rendered":"https:\/\/www.patrimoine-religieux.qc.ca\/article-temporaire-english-le-vrai\/"},"modified":"2025-02-20T11:07:26","modified_gmt":"2025-02-20T16:07:26","slug":"article-temporaire-english-le-vrai-2","status":"publish","type":"post","link":"https:\/\/www.patrimoine-religieux.qc.ca\/en\/article-temporaire-english-le-vrai-2\/","title":{"rendered":"For the Preservation of the Modern Religious Heritage"},"content":{"rendered":"<section id=\"block_3a168439f23bceac5f113662d577c261\" class=\"page-block page-block-image-text-juxta progressive-fade-in page-block-margin-standard page-block-bg-none image-type-default image-position-left\">\n\n\t\n\t\n\t<div class=\"page-block-inner content-width progressive-fade-in-element progressive-fade-in-element-1\">\n\n\t\t<div class=\"block-image-text\">\n\t\t\t<div class=\"block-section block-text\">\n\n\t\t\t\t\n\t\t\t\t\t\t\t\t<div class=\"the-block-text wysiwyg\">\n\t\t\t\t\t<p>Already in its strategic plan (1999-2002), the\u00a0 Qu\u00e9bec Religious Heritage Foundation has shown its concern for the\u00a0modern heritage and for the extension of existing programs to save the most striking features of this heritage.<\/p>\n<p>For this purpose, the\u00a0 Qu\u00e9bec Religious Heritage Foundation formed an expert advisory committee in December 2000 and mandated it to make a proposal to the Minist\u00e8re de la Culture et des Communications du Qu\u00e9bec with a view to ensuring protection of our modern religious heritage.<\/p>\n<p><a class=\"button half-naked arrow-after\" href=\"https:\/\/www.patrimoine-religieux.qc.ca\/wp-content\/uploads\/2024\/12\/preservation_patrimoine_moderne.pdf\" target=\"_blank\" rel=\"noopener\">Download (french only)<\/a><\/p>\n\n\t\t\t\t\t\t\t\t\t<\/div>\n\t\t\t\t\t\t\t<\/div>\n\n\t\t\t\t\t\t<div class=\"block-section block-image\">\n\t\t\t\t<a href=\"https:\/\/www.patrimoine-religieux.qc.ca\/wp-content\/uploads\/2024\/12\/preservation-patrimoine-moderne.jpg\" title=\"Enlarge image\" class=\"block-image-link link-type-enlarge lightbox is-link\">\n\n\t\t\t\t\t<div class=\"block-image-wrapper wrap-fit-image\">\n\n\t\t\t\t\t\t<img data-src-small=\"https:\/\/www.patrimoine-religieux.qc.ca\/wp-content\/uploads\/2024\/12\/preservation-patrimoine-moderne-350x350.jpg\" width=\"350\" height=\"350\" data-src-medium=\"https:\/\/www.patrimoine-religieux.qc.ca\/wp-content\/uploads\/2024\/12\/preservation-patrimoine-moderne-500x500.jpg\" data-width-medium=\"500\" data-height-medium=\"500\" data-src-large=\"https:\/\/www.patrimoine-religieux.qc.ca\/wp-content\/uploads\/2024\/12\/preservation-patrimoine-moderne.jpg\" data-width-large=\"708\" data-height-large=\"887\" data-src-xlarge=\"https:\/\/www.patrimoine-religieux.qc.ca\/wp-content\/uploads\/2024\/12\/preservation-patrimoine-moderne.jpg\" data-width-xlarge=\"708\" data-height-xlarge=\"887\" class=\"the-block-image img-check fit-image lazy portrait\" alt=\"\">\n\t\t\t\t\t<\/div>\n\n\t\t\t\t\t\n\t\t\t\t\t\t\t\t\t<\/a>\n\t\t\t<\/div>\n\t\t<\/div>\n\t<\/div>\n\t\n<\/section>","protected":false},"excerpt":{"rendered":"","protected":false},"author":1,"featured_media":63043,"comment_status":"closed","ping_status":"closed","sticky":false,"template":"","format":"standard","meta":{"_acf_changed":false,"footnotes":""},"categories":[1188],"tags":[],"class_list":["post-60429","post","type-post","status-publish","format-standard","has-post-thumbnail","hentry","category-realizations"],"acf":[],"yoast_head":"<!-- This site is optimized with the Yoast SEO plugin v27.5 - https:\/\/yoast.com\/product\/yoast-seo-wordpress\/ -->\n<title>For the Preservation of the Modern Religious Heritage - Conseil du patrimoine religieux du Qu\u00e9bec<\/title>\n<meta name=\"robots\" content=\"index, follow, max-snippet:-1, max-image-preview:large, max-video-preview:-1\" \/>\n<link rel=\"canonical\" href=\"https:\/\/www.patrimoine-religieux.qc.ca\/en\/article-temporaire-english-le-vrai-2\/\" \/>\n<meta property=\"og:locale\" content=\"en_US\" \/>\n<meta property=\"og:type\" content=\"article\" \/>\n<meta property=\"og:title\" content=\"For the Preservation of the Modern Religious Heritage - Conseil du patrimoine religieux du Qu\u00e9bec\" \/>\n<meta property=\"og:url\" content=\"https:\/\/www.patrimoine-religieux.qc.ca\/en\/article-temporaire-english-le-vrai-2\/\" \/>\n<meta property=\"og:site_name\" content=\"Conseil du patrimoine religieux du Qu\u00e9bec\" \/>\n<meta property=\"article:published_time\" content=\"2001-03-17T05:00:49+00:00\" \/>\n<meta property=\"article:modified_time\" content=\"2025-02-20T16:07:26+00:00\" \/>\n<meta property=\"og:image\" content=\"https:\/\/www.patrimoine-religieux.qc.ca\/wp-content\/uploads\/2001\/03\/st-marc-labaie.png\" \/>\n\t<meta property=\"og:image:width\" content=\"1088\" \/>\n\t<meta property=\"og:image:height\" content=\"711\" \/>\n\t<meta property=\"og:image:type\" content=\"image\/png\" \/>\n<meta name=\"author\" content=\"nubee\" \/>\n<meta name=\"twitter:card\" content=\"summary_large_image\" \/>\n<meta name=\"twitter:label1\" content=\"Written by\" \/>\n\t<meta name=\"twitter:data1\" content=\"nubee\" \/>\n<script type=\"application\/ld+json\" class=\"yoast-schema-graph\">{\"@context\":\"https:\\\/\\\/schema.org\",\"@graph\":[{\"@type\":\"Article\",\"@id\":\"https:\\\/\\\/www.patrimoine-religieux.qc.ca\\\/en\\\/article-temporaire-english-le-vrai-2\\\/#article\",\"isPartOf\":{\"@id\":\"https:\\\/\\\/www.patrimoine-religieux.qc.ca\\\/en\\\/article-temporaire-english-le-vrai-2\\\/\"},\"author\":{\"name\":\"nubee\",\"@id\":\"https:\\\/\\\/www.patrimoine-religieux.qc.ca\\\/en\\\/#\\\/schema\\\/person\\\/1e1fbc6d59e0798f9b8e832b40719032\"},\"headline\":\"For the Preservation of the Modern Religious Heritage\",\"datePublished\":\"2001-03-17T05:00:49+00:00\",\"dateModified\":\"2025-02-20T16:07:26+00:00\",\"mainEntityOfPage\":{\"@id\":\"https:\\\/\\\/www.patrimoine-religieux.qc.ca\\\/en\\\/article-temporaire-english-le-vrai-2\\\/\"},\"wordCount\":8,\"image\":{\"@id\":\"https:\\\/\\\/www.patrimoine-religieux.qc.ca\\\/en\\\/article-temporaire-english-le-vrai-2\\\/#primaryimage\"},\"thumbnailUrl\":\"https:\\\/\\\/www.patrimoine-religieux.qc.ca\\\/wp-content\\\/uploads\\\/2001\\\/03\\\/st-marc-labaie.png\",\"articleSection\":[\"Realizations\"],\"inLanguage\":\"en-US\"},{\"@type\":\"WebPage\",\"@id\":\"https:\\\/\\\/www.patrimoine-religieux.qc.ca\\\/en\\\/article-temporaire-english-le-vrai-2\\\/\",\"url\":\"https:\\\/\\\/www.patrimoine-religieux.qc.ca\\\/en\\\/article-temporaire-english-le-vrai-2\\\/\",\"name\":\"For the Preservation of the Modern Religious Heritage - Conseil du patrimoine religieux du Qu\u00e9bec\",\"isPartOf\":{\"@id\":\"https:\\\/\\\/www.patrimoine-religieux.qc.ca\\\/en\\\/#website\"},\"primaryImageOfPage\":{\"@id\":\"https:\\\/\\\/www.patrimoine-religieux.qc.ca\\\/en\\\/article-temporaire-english-le-vrai-2\\\/#primaryimage\"},\"image\":{\"@id\":\"https:\\\/\\\/www.patrimoine-religieux.qc.ca\\\/en\\\/article-temporaire-english-le-vrai-2\\\/#primaryimage\"},\"thumbnailUrl\":\"https:\\\/\\\/www.patrimoine-religieux.qc.ca\\\/wp-content\\\/uploads\\\/2001\\\/03\\\/st-marc-labaie.png\",\"datePublished\":\"2001-03-17T05:00:49+00:00\",\"dateModified\":\"2025-02-20T16:07:26+00:00\",\"author\":{\"@id\":\"https:\\\/\\\/www.patrimoine-religieux.qc.ca\\\/en\\\/#\\\/schema\\\/person\\\/1e1fbc6d59e0798f9b8e832b40719032\"},\"breadcrumb\":{\"@id\":\"https:\\\/\\\/www.patrimoine-religieux.qc.ca\\\/en\\\/article-temporaire-english-le-vrai-2\\\/#breadcrumb\"},\"inLanguage\":\"en-US\",\"potentialAction\":[{\"@type\":\"ReadAction\",\"target\":[\"https:\\\/\\\/www.patrimoine-religieux.qc.ca\\\/en\\\/article-temporaire-english-le-vrai-2\\\/\"]}]},{\"@type\":\"ImageObject\",\"inLanguage\":\"en-US\",\"@id\":\"https:\\\/\\\/www.patrimoine-religieux.qc.ca\\\/en\\\/article-temporaire-english-le-vrai-2\\\/#primaryimage\",\"url\":\"https:\\\/\\\/www.patrimoine-religieux.qc.ca\\\/wp-content\\\/uploads\\\/2001\\\/03\\\/st-marc-labaie.png\",\"contentUrl\":\"https:\\\/\\\/www.patrimoine-religieux.qc.ca\\\/wp-content\\\/uploads\\\/2001\\\/03\\\/st-marc-labaie.png\",\"width\":1088,\"height\":711},{\"@type\":\"BreadcrumbList\",\"@id\":\"https:\\\/\\\/www.patrimoine-religieux.qc.ca\\\/en\\\/article-temporaire-english-le-vrai-2\\\/#breadcrumb\",\"itemListElement\":[{\"@type\":\"ListItem\",\"position\":1,\"name\":\"Accueil\",\"item\":\"https:\\\/\\\/www.patrimoine-religieux.qc.ca\\\/en\\\/\"},{\"@type\":\"ListItem\",\"position\":2,\"name\":\"For the Preservation of the Modern Religious Heritage\"}]},{\"@type\":\"WebSite\",\"@id\":\"https:\\\/\\\/www.patrimoine-religieux.qc.ca\\\/en\\\/#website\",\"url\":\"https:\\\/\\\/www.patrimoine-religieux.qc.ca\\\/en\\\/\",\"name\":\"Conseil du patrimoine religieux du Qu\u00e9bec\",\"description\":\"Soutenir et promouvoir la conservation du patrimoine religieux qu\u00e9b\u00e9cois\",\"potentialAction\":[{\"@type\":\"SearchAction\",\"target\":{\"@type\":\"EntryPoint\",\"urlTemplate\":\"https:\\\/\\\/www.patrimoine-religieux.qc.ca\\\/en\\\/?s={search_term_string}\"},\"query-input\":{\"@type\":\"PropertyValueSpecification\",\"valueRequired\":true,\"valueName\":\"search_term_string\"}}],\"inLanguage\":\"en-US\"},{\"@type\":\"Person\",\"@id\":\"https:\\\/\\\/www.patrimoine-religieux.qc.ca\\\/en\\\/#\\\/schema\\\/person\\\/1e1fbc6d59e0798f9b8e832b40719032\",\"name\":\"nubee\",\"image\":{\"@type\":\"ImageObject\",\"inLanguage\":\"en-US\",\"@id\":\"https:\\\/\\\/www.patrimoine-religieux.qc.ca\\\/wp-content\\\/litespeed\\\/avatar\\\/1\\\/91dff67bda4056ac881b22e596ddc955.jpg?ver=1777576348\",\"url\":\"https:\\\/\\\/www.patrimoine-religieux.qc.ca\\\/wp-content\\\/litespeed\\\/avatar\\\/1\\\/91dff67bda4056ac881b22e596ddc955.jpg?ver=1777576348\",\"contentUrl\":\"https:\\\/\\\/www.patrimoine-religieux.qc.ca\\\/wp-content\\\/litespeed\\\/avatar\\\/1\\\/91dff67bda4056ac881b22e596ddc955.jpg?ver=1777576348\",\"caption\":\"nubee\"},\"url\":\"https:\\\/\\\/www.patrimoine-religieux.qc.ca\\\/en\\\/author\\\/nubee\\\/\"}]}<\/script>\n<!-- \/ Yoast SEO plugin. -->","yoast_head_json":{"title":"For the Preservation of the Modern Religious Heritage - Conseil du patrimoine religieux du Qu\u00e9bec","robots":{"index":"index","follow":"follow","max-snippet":"max-snippet:-1","max-image-preview":"max-image-preview:large","max-video-preview":"max-video-preview:-1"},"canonical":"https:\/\/www.patrimoine-religieux.qc.ca\/en\/article-temporaire-english-le-vrai-2\/","og_locale":"en_US","og_type":"article","og_title":"For the Preservation of the Modern Religious Heritage - Conseil du patrimoine religieux du Qu\u00e9bec","og_url":"https:\/\/www.patrimoine-religieux.qc.ca\/en\/article-temporaire-english-le-vrai-2\/","og_site_name":"Conseil du patrimoine religieux du Qu\u00e9bec","article_published_time":"2001-03-17T05:00:49+00:00","article_modified_time":"2025-02-20T16:07:26+00:00","og_image":[{"width":1088,"height":711,"url":"https:\/\/www.patrimoine-religieux.qc.ca\/wp-content\/uploads\/2001\/03\/st-marc-labaie.png","type":"image\/png"}],"author":"nubee","twitter_card":"summary_large_image","twitter_misc":{"Written by":"nubee"},"schema":{"@context":"https:\/\/schema.org","@graph":[{"@type":"Article","@id":"https:\/\/www.patrimoine-religieux.qc.ca\/en\/article-temporaire-english-le-vrai-2\/#article","isPartOf":{"@id":"https:\/\/www.patrimoine-religieux.qc.ca\/en\/article-temporaire-english-le-vrai-2\/"},"author":{"name":"nubee","@id":"https:\/\/www.patrimoine-religieux.qc.ca\/en\/#\/schema\/person\/1e1fbc6d59e0798f9b8e832b40719032"},"headline":"For the Preservation of the Modern Religious Heritage","datePublished":"2001-03-17T05:00:49+00:00","dateModified":"2025-02-20T16:07:26+00:00","mainEntityOfPage":{"@id":"https:\/\/www.patrimoine-religieux.qc.ca\/en\/article-temporaire-english-le-vrai-2\/"},"wordCount":8,"image":{"@id":"https:\/\/www.patrimoine-religieux.qc.ca\/en\/article-temporaire-english-le-vrai-2\/#primaryimage"},"thumbnailUrl":"https:\/\/www.patrimoine-religieux.qc.ca\/wp-content\/uploads\/2001\/03\/st-marc-labaie.png","articleSection":["Realizations"],"inLanguage":"en-US"},{"@type":"WebPage","@id":"https:\/\/www.patrimoine-religieux.qc.ca\/en\/article-temporaire-english-le-vrai-2\/","url":"https:\/\/www.patrimoine-religieux.qc.ca\/en\/article-temporaire-english-le-vrai-2\/","name":"For the Preservation of the Modern Religious Heritage - Conseil du patrimoine religieux du Qu\u00e9bec","isPartOf":{"@id":"https:\/\/www.patrimoine-religieux.qc.ca\/en\/#website"},"primaryImageOfPage":{"@id":"https:\/\/www.patrimoine-religieux.qc.ca\/en\/article-temporaire-english-le-vrai-2\/#primaryimage"},"image":{"@id":"https:\/\/www.patrimoine-religieux.qc.ca\/en\/article-temporaire-english-le-vrai-2\/#primaryimage"},"thumbnailUrl":"https:\/\/www.patrimoine-religieux.qc.ca\/wp-content\/uploads\/2001\/03\/st-marc-labaie.png","datePublished":"2001-03-17T05:00:49+00:00","dateModified":"2025-02-20T16:07:26+00:00","author":{"@id":"https:\/\/www.patrimoine-religieux.qc.ca\/en\/#\/schema\/person\/1e1fbc6d59e0798f9b8e832b40719032"},"breadcrumb":{"@id":"https:\/\/www.patrimoine-religieux.qc.ca\/en\/article-temporaire-english-le-vrai-2\/#breadcrumb"},"inLanguage":"en-US","potentialAction":[{"@type":"ReadAction","target":["https:\/\/www.patrimoine-religieux.qc.ca\/en\/article-temporaire-english-le-vrai-2\/"]}]},{"@type":"ImageObject","inLanguage":"en-US","@id":"https:\/\/www.patrimoine-religieux.qc.ca\/en\/article-temporaire-english-le-vrai-2\/#primaryimage","url":"https:\/\/www.patrimoine-religieux.qc.ca\/wp-content\/uploads\/2001\/03\/st-marc-labaie.png","contentUrl":"https:\/\/www.patrimoine-religieux.qc.ca\/wp-content\/uploads\/2001\/03\/st-marc-labaie.png","width":1088,"height":711},{"@type":"BreadcrumbList","@id":"https:\/\/www.patrimoine-religieux.qc.ca\/en\/article-temporaire-english-le-vrai-2\/#breadcrumb","itemListElement":[{"@type":"ListItem","position":1,"name":"Accueil","item":"https:\/\/www.patrimoine-religieux.qc.ca\/en\/"},{"@type":"ListItem","position":2,"name":"For the Preservation of the Modern Religious Heritage"}]},{"@type":"WebSite","@id":"https:\/\/www.patrimoine-religieux.qc.ca\/en\/#website","url":"https:\/\/www.patrimoine-religieux.qc.ca\/en\/","name":"Conseil du patrimoine religieux du Qu\u00e9bec","description":"Soutenir et promouvoir la conservation du patrimoine religieux qu\u00e9b\u00e9cois","potentialAction":[{"@type":"SearchAction","target":{"@type":"EntryPoint","urlTemplate":"https:\/\/www.patrimoine-religieux.qc.ca\/en\/?s={search_term_string}"},"query-input":{"@type":"PropertyValueSpecification","valueRequired":true,"valueName":"search_term_string"}}],"inLanguage":"en-US"},{"@type":"Person","@id":"https:\/\/www.patrimoine-religieux.qc.ca\/en\/#\/schema\/person\/1e1fbc6d59e0798f9b8e832b40719032","name":"nubee","image":{"@type":"ImageObject","inLanguage":"en-US","@id":"https:\/\/www.patrimoine-religieux.qc.ca\/wp-content\/litespeed\/avatar\/1\/91dff67bda4056ac881b22e596ddc955.jpg?ver=1777576348","url":"https:\/\/www.patrimoine-religieux.qc.ca\/wp-content\/litespeed\/avatar\/1\/91dff67bda4056ac881b22e596ddc955.jpg?ver=1777576348","contentUrl":"https:\/\/www.patrimoine-religieux.qc.ca\/wp-content\/litespeed\/avatar\/1\/91dff67bda4056ac881b22e596ddc955.jpg?ver=1777576348","caption":"nubee"},"url":"https:\/\/www.patrimoine-religieux.qc.ca\/en\/author\/nubee\/"}]}},"_links":{"self":[{"href":"https:\/\/www.patrimoine-religieux.qc.ca\/en\/wp-json\/wp\/v2\/posts\/60429","targetHints":{"allow":["GET"]}}],"collection":[{"href":"https:\/\/www.patrimoine-religieux.qc.ca\/en\/wp-json\/wp\/v2\/posts"}],"about":[{"href":"https:\/\/www.patrimoine-religieux.qc.ca\/en\/wp-json\/wp\/v2\/types\/post"}],"author":[{"embeddable":true,"href":"https:\/\/www.patrimoine-religieux.qc.ca\/en\/wp-json\/wp\/v2\/users\/1"}],"replies":[{"embeddable":true,"href":"https:\/\/www.patrimoine-religieux.qc.ca\/en\/wp-json\/wp\/v2\/comments?post=60429"}],"version-history":[{"count":3,"href":"https:\/\/www.patrimoine-religieux.qc.ca\/en\/wp-json\/wp\/v2\/posts\/60429\/revisions"}],"predecessor-version":[{"id":62665,"href":"https:\/\/www.patrimoine-religieux.qc.ca\/en\/wp-json\/wp\/v2\/posts\/60429\/revisions\/62665"}],"wp:featuredmedia":[{"embeddable":true,"href":"https:\/\/www.patrimoine-religieux.qc.ca\/en\/wp-json\/wp\/v2\/media\/63043"}],"wp:attachment":[{"href":"https:\/\/www.patrimoine-religieux.qc.ca\/en\/wp-json\/wp\/v2\/media?parent=60429"}],"wp:term":[{"taxonomy":"category","embeddable":true,"href":"https:\/\/www.patrimoine-religieux.qc.ca\/en\/wp-json\/wp\/v2\/categories?post=60429"},{"taxonomy":"post_tag","embeddable":true,"href":"https:\/\/www.patrimoine-religieux.qc.ca\/en\/wp-json\/wp\/v2\/tags?post=60429"}],"curies":[{"name":"wp","href":"https:\/\/api.w.org\/{rel}","templated":true}]}}